{"id":199,"date":"2023-02-25T17:51:30","date_gmt":"2023-02-25T16:51:30","guid":{"rendered":"https:\/\/www.skparbat.eu\/wordpress\/?p=199"},"modified":"2025-07-01T17:18:00","modified_gmt":"2025-07-01T15:18:00","slug":"brigada-15-a-16-9-2018-kosodrevina-v-nizkych-tatrach-rastie-kto-chodniky-spasie","status":"publish","type":"post","link":"https:\/\/www.skparbat.eu\/wordpress\/index.php\/2023\/02\/25\/brigada-15-a-16-9-2018-kosodrevina-v-nizkych-tatrach-rastie-kto-chodniky-spasie\/","title":{"rendered":"Brig\u00e1da 15. a 16. 9. 2018 &#8211; Kosodrevina v N\u00edzkych Tatr\u00e1ch rastie, kto chodn\u00edky spasie?"},"content":{"rendered":"\n<p>Veru, nezostalo ve\u013ea miest na hrebe\u0148ovom chodn\u00edku medzi Telg\u00e1rtom a Donovalmi, ktor\u00e9 by neskr\u00e1\u0161lila ruka na\u0161ich dobrovo\u013en\u00edkov alebo aspo\u0148 nepochodila noha prieskumn\u00edkov. Prichod\u00ed n\u00e1m preto vr\u00e1ti\u0165 sa sp\u00e4\u0165 na za\u010diatok na\u0161ej cesty, na majest\u00e1tnu Kr\u00e1\u013eovu ho\u013eu.<\/p>\n\n\n\n<p>O zelenom strome na nej nem\u00f4\u017ee by\u0165 re\u010d u\u017e dlh\u0161iu dobu, ur\u010dite ale treba hovori\u0165 o piatich pr\u00edstupov\u00fdch chodn\u00edkoch na vrchol, z ktor\u00fdch v\u00e4\u010d\u0161ina trp\u00ed zanedban\u00fdm stavom. A tento fakt ideme v septembri zmeni\u0165. Ka\u017ed\u00e1 n\u00e1pomocn\u00e1 ruka&nbsp;padne vhod. Pr\u00ed\u010fte, te\u0161\u00edme sa na v\u00e1s.<\/p>\n\n\n\n<h2 class=\"wp-block-heading\">\u010co sa chyst\u00e1?&nbsp;<\/h2>\n\n\n\n<p>Orez\u00e1vanie, obstrih\u00e1vanie, odhadzovanie a in\u00e9 formy pasovania sa s kosodrevinou, kon\u00e1rmi a kr\u00edkmi pret\u0155\u010daj\u00facimi do pr\u00edstupov\u00fdch chodn\u00edkov na Kr\u00e1\u013eovu Ho\u013eu. Cie\u013eom je obnovi\u0165 bezprek\u00e1\u017ekov\u00fa priechodnos\u0165, a aj t\u00fdm podpori\u0165 rozvoj turizmu v regi\u00f3ne, ktor\u00fd sme si zamilovali. V dobrej partii s&nbsp;chu\u0165ou a rados\u0165ou urob\u00edme k\u00fasok u\u017eito\u010dnej pr\u00e1ce.<\/p>\n\n\n\n<h2 class=\"wp-block-heading\">Kedy a kde?<\/h2>\n\n\n\n<p><strong>14. &#8211; 16. 9. 2018<\/strong>, stretneme sa v piatok ve\u010der od 18.00 h v&nbsp;<a href=\"http:\/\/podkralovouholou.sk\/\" target=\"_blank\" rel=\"noreferrer noopener\">turistickej ubytovni v Telg\u00e1rte<\/a>,&nbsp;kde budeme ma\u0165 z\u00e1kladn\u00fd t\u00e1bor. Pribl\u00ed\u017eenie k hrebe\u0148u a sp\u00e4\u0165 zabezpe\u010d\u00edme (treba r\u00e1ta\u0165 aj s pe\u0161\u00edmi presunmi).<\/p>\n\n\n\n<h2 class=\"wp-block-heading\">Prid\u00e1\u0161 sa k n\u00e1m?<a href=\"https:\/\/www.skparbat.eu\/images\/parbat_photo\/IMG_3424_S.jpg\"><\/a><\/h2>\n\n\n\n<p>Uv\u00edtame ka\u017ed\u00e9ho, kto chce by\u0165&nbsp;pil\u010d\u00edk s motorovou \u010di ru\u010dnou p\u00edlou, striha\u010d, sek\u00e1\u010d, odhadzova\u010d kon\u00e1rov, fotograf \u010di zab\u00e1va\u010d. Slovom &#8211; fyzicky zdatn\u00fd jedinec s vyvinutou l\u00e1skou k pr\u00edrode.<\/p>\n\n\n\n<h2 class=\"wp-block-heading\">Ako sa prihl\u00e1si\u0165 na brig\u00e1du?<\/h2>\n\n\n\n<p>Vyplnen\u00edm kr\u00e1tkeho prihlasovacieho&nbsp;<a href=\"https:\/\/docs.google.com\/forms\/d\/e\/1FAIpQLSdFsQQeomdv5KGKPlWAQc0rvMV_FP1OohVsIiMqdtOrlntSSA\/viewform?usp=sf_link\" target=\"_blank\" rel=\"noreferrer noopener\">formul\u00e1ra<\/a>. Pros\u00edm, urobte tak&nbsp;<strong>najnesk\u00f4r do 2.9.2018<\/strong>.<\/p>\n\n\n\n<p>Prihl\u00e1sen\u00fdm dobrovo\u013en\u00edkom za\u0161leme inform\u00e1cie o detailnom pl\u00e1ne brig\u00e1dy.<\/p>\n\n\n<div class=\"wp-block-image\">\n<figure class=\"aligncenter size-full\"><img decoding=\"async\" loading=\"lazy\" width=\"219\" height=\"217\" src=\"https:\/\/www.skparbat.eu\/wordpress\/wp-content\/uploads\/2023\/10\/IMG_3424_S-fill-219x217-1.jpg\" alt=\"\" class=\"wp-image-200\" srcset=\"https:\/\/www.skparbat.eu\/wordpress\/wp-content\/uploads\/2023\/10\/IMG_3424_S-fill-219x217-1.jpg 219w, https:\/\/www.skparbat.eu\/wordpress\/wp-content\/uploads\/2023\/10\/IMG_3424_S-fill-219x217-1-150x150.jpg 150w\" sizes=\"(max-width: 219px) 100vw, 219px\" \/><\/figure><\/div>\n\n\n<h2 class=\"wp-block-heading\">\u010co si treba prinies\u0165?<\/h2>\n\n\n\n<p>Ka\u017ed\u00fd: pevn\u00e9 top\u00e1nky, celotelov\u00fd odev (napr. mont\u00e9rky), da\u010do proti da\u017e\u010fu (pr\u0161ipl\u00e1\u0161\u0165, GoreTex), pracovn\u00e9 rukavice, jedlo na v\u00edkend, poistenie na hory, dobr\u00e1 n\u00e1lada.<\/p>\n\n\n\n<p>Kto m\u00e1 a m\u00f4\u017ee: motorov\u00e1 p\u00edla (so sk\u00fasen\u00fdm pil\u010d\u00edkom prisl\u00fachaj\u00facim k nej), ru\u010dn\u00e1 p\u00edlka, sekera, ma\u010deta, z\u00e1hradn\u00edcke no\u017enice, \u010doko\u013evek, \u010d\u00edm sa&nbsp;daj\u00fa striha\u0165 tenk\u00e9 kon\u00e1re.<\/p>\n\n\n\n<p>V\u010faka dobrovo\u013en\u00edkom sme prerezali mnoh\u00e9 \u00faseky v N\u00edzkych Tatr\u00e1ch, v&nbsp;<a href=\"https:\/\/www.skparbat.eu\/index.php\/aktivity\">report\u00e1\u017each<\/a>&nbsp;z minul\u00fdch rokov sa m\u00f4\u017eete dozvedie\u0165 viac o na\u0161ej pr\u00e1ci. Budeme sa te\u0161i\u0165 na ka\u017ed\u00fd \u010fal\u0161\u00ed p\u00e1r \u0161ikovn\u00fdch r\u00fak a za odmenu pon\u00fakame dobr\u00fd pocit z u\u017eito\u010dnej pr\u00e1ce a kr\u00e1sne chv\u00edle str\u00e1ven\u00e9 v pr\u00edjemnej partii.<\/p>\n\n\n\n<p><strong>Akciu organizuje \u0160portov\u00fd klub PARBAT a na\u0161i partneri:&nbsp;<br>&#8211; Lesy Slovenskej republiky, \u0161t\u00e1tny podnik, od\u0161tepn\u00fd z\u00e1vod Be\u0148u\u0161, Slovensk\u00e1 \u013dup\u010da<br>&#8211; Spr\u00e1va N\u00e1rodn\u00e9ho parku N\u00edzke Tatry,&nbsp;<br>&#8211; Klub slovensk\u00fdch turistov, Sekcia zna\u010denia KST,&nbsp;<br>&#8211; HIKING.SK &#8211; medi\u00e1lna podpora.<\/strong><\/p>\n","protected":false},"excerpt":{"rendered":"<p>Veru, nezostalo ve\u013ea miest na hrebe\u0148ovom chodn\u00edku medzi Telg\u00e1rtom a Donovalmi, ktor\u00e9 by neskr\u00e1\u0161lila ruka na\u0161ich dobrovo\u013en\u00edkov alebo aspo\u0148 nepochodila noha prieskumn\u00edkov. Prichod\u00ed n\u00e1m preto vr\u00e1ti\u0165 sa sp\u00e4\u0165 na za\u010diatok na\u0161ej cesty, na majest\u00e1tnu Kr\u00e1\u013eovu ho\u013eu. O zelenom strome na nej nem\u00f4\u017ee by\u0165 re\u010d u\u017e dlh\u0161iu dobu, ur\u010dite ale treba hovori\u0165 o piatich pr\u00edstupov\u00fdch chodn\u00edkoch [&hellip;]<\/p>\n","protected":false},"author":1,"featured_media":0,"comment_status":"closed","ping_status":"closed","sticky":false,"template":"","format":"standard","meta":{"_mi_skip_tracking":false,"footnotes":""},"categories":[1],"tags":[],"yoast_head":"<!-- This site is optimized with the Yoast SEO plugin v19.7.1 - https:\/\/yoast.com\/wordpress\/plugins\/seo\/ -->\n<title>Brig\u00e1da 15. a 16. 9. 2018 - Kosodrevina v N\u00edzkych Tatr\u00e1ch rastie, kto chodn\u00edky spasie? - \u0160K Parbat<\/title>\n<meta name=\"robots\" content=\"index, follow, max-snippet:-1, max-image-preview:large, max-video-preview:-1\" \/>\n<link rel=\"canonical\" href=\"https:\/\/www.skparbat.eu\/wordpress\/index.php\/2023\/02\/25\/brigada-15-a-16-9-2018-kosodrevina-v-nizkych-tatrach-rastie-kto-chodniky-spasie\/\" \/>\n<meta property=\"og:locale\" content=\"sk_SK\" \/>\n<meta property=\"og:type\" content=\"article\" \/>\n<meta property=\"og:title\" content=\"Brig\u00e1da 15. a 16. 9. 2018 - Kosodrevina v N\u00edzkych Tatr\u00e1ch rastie, kto chodn\u00edky spasie? - \u0160K Parbat\" \/>\n<meta property=\"og:description\" content=\"Veru, nezostalo ve\u013ea miest na hrebe\u0148ovom chodn\u00edku medzi Telg\u00e1rtom a Donovalmi, ktor\u00e9 by neskr\u00e1\u0161lila ruka na\u0161ich dobrovo\u013en\u00edkov alebo aspo\u0148 nepochodila noha prieskumn\u00edkov. Prichod\u00ed n\u00e1m preto vr\u00e1ti\u0165 sa sp\u00e4\u0165 na za\u010diatok na\u0161ej cesty, na majest\u00e1tnu Kr\u00e1\u013eovu ho\u013eu. O zelenom strome na nej nem\u00f4\u017ee by\u0165 re\u010d u\u017e dlh\u0161iu dobu, ur\u010dite ale treba hovori\u0165 o piatich pr\u00edstupov\u00fdch chodn\u00edkoch [&hellip;]\" \/>\n<meta property=\"og:url\" content=\"https:\/\/www.skparbat.eu\/wordpress\/index.php\/2023\/02\/25\/brigada-15-a-16-9-2018-kosodrevina-v-nizkych-tatrach-rastie-kto-chodniky-spasie\/\" \/>\n<meta property=\"og:site_name\" content=\"\u0160K Parbat\" \/>\n<meta property=\"article:published_time\" content=\"2023-02-25T16:51:30+00:00\" \/>\n<meta property=\"article:modified_time\" content=\"2025-07-01T15:18:00+00:00\" \/>\n<meta property=\"og:image\" content=\"https:\/\/www.skparbat.eu\/wordpress\/wp-content\/uploads\/2023\/10\/IMG_3424_S-fill-219x217-1.jpg\" \/>\n<meta name=\"author\" content=\"skparbat\" \/>\n<meta name=\"twitter:card\" content=\"summary_large_image\" \/>\n<meta name=\"twitter:label1\" content=\"Autor\" \/>\n\t<meta name=\"twitter:data1\" content=\"skparbat\" \/>\n\t<meta name=\"twitter:label2\" content=\"Predpokladan\u00fd \u010das \u010d\u00edtania\" \/>\n\t<meta name=\"twitter:data2\" content=\"3 min\u00faty\" \/>\n<script type=\"application\/ld+json\" class=\"yoast-schema-graph\">{\"@context\":\"https:\/\/schema.org\",\"@graph\":[{\"@type\":\"WebPage\",\"@id\":\"https:\/\/www.skparbat.eu\/wordpress\/index.php\/2023\/02\/25\/brigada-15-a-16-9-2018-kosodrevina-v-nizkych-tatrach-rastie-kto-chodniky-spasie\/\",\"url\":\"https:\/\/www.skparbat.eu\/wordpress\/index.php\/2023\/02\/25\/brigada-15-a-16-9-2018-kosodrevina-v-nizkych-tatrach-rastie-kto-chodniky-spasie\/\",\"name\":\"Brig\u00e1da 15. a 16. 9. 2018 - Kosodrevina v N\u00edzkych Tatr\u00e1ch rastie, kto chodn\u00edky spasie? - \u0160K Parbat\",\"isPartOf\":{\"@id\":\"https:\/\/www.skparbat.eu\/wordpress\/#website\"},\"datePublished\":\"2023-02-25T16:51:30+00:00\",\"dateModified\":\"2025-07-01T15:18:00+00:00\",\"author\":{\"@id\":\"https:\/\/www.skparbat.eu\/wordpress\/#\/schema\/person\/56417c1a854e9c5c76de0f504ab497ba\"},\"breadcrumb\":{\"@id\":\"https:\/\/www.skparbat.eu\/wordpress\/index.php\/2023\/02\/25\/brigada-15-a-16-9-2018-kosodrevina-v-nizkych-tatrach-rastie-kto-chodniky-spasie\/#breadcrumb\"},\"inLanguage\":\"sk-SK\",\"potentialAction\":[{\"@type\":\"ReadAction\",\"target\":[\"https:\/\/www.skparbat.eu\/wordpress\/index.php\/2023\/02\/25\/brigada-15-a-16-9-2018-kosodrevina-v-nizkych-tatrach-rastie-kto-chodniky-spasie\/\"]}]},{\"@type\":\"BreadcrumbList\",\"@id\":\"https:\/\/www.skparbat.eu\/wordpress\/index.php\/2023\/02\/25\/brigada-15-a-16-9-2018-kosodrevina-v-nizkych-tatrach-rastie-kto-chodniky-spasie\/#breadcrumb\",\"itemListElement\":[{\"@type\":\"ListItem\",\"position\":1,\"name\":\"Home\",\"item\":\"https:\/\/www.skparbat.eu\/wordpress\/\"},{\"@type\":\"ListItem\",\"position\":2,\"name\":\"Brig\u00e1da 15. a 16. 9. 2018 &#8211; Kosodrevina v N\u00edzkych Tatr\u00e1ch rastie, kto chodn\u00edky spasie?\"}]},{\"@type\":\"WebSite\",\"@id\":\"https:\/\/www.skparbat.eu\/wordpress\/#website\",\"url\":\"https:\/\/www.skparbat.eu\/wordpress\/\",\"name\":\"\u0160K Parbat\",\"description\":\"Pre pohodu v pr\u00edrode\",\"potentialAction\":[{\"@type\":\"SearchAction\",\"target\":{\"@type\":\"EntryPoint\",\"urlTemplate\":\"https:\/\/www.skparbat.eu\/wordpress\/?s={search_term_string}\"},\"query-input\":\"required name=search_term_string\"}],\"inLanguage\":\"sk-SK\"},{\"@type\":\"Person\",\"@id\":\"https:\/\/www.skparbat.eu\/wordpress\/#\/schema\/person\/56417c1a854e9c5c76de0f504ab497ba\",\"name\":\"skparbat\",\"image\":{\"@type\":\"ImageObject\",\"inLanguage\":\"sk-SK\",\"@id\":\"https:\/\/www.skparbat.eu\/wordpress\/#\/schema\/person\/image\/\",\"url\":\"https:\/\/secure.gravatar.com\/avatar\/22cf8fc9a5531e940f4fd31965d26c8e?s=96&d=mm&r=g\",\"contentUrl\":\"https:\/\/secure.gravatar.com\/avatar\/22cf8fc9a5531e940f4fd31965d26c8e?s=96&d=mm&r=g\",\"caption\":\"skparbat\"},\"sameAs\":[\"https:\/\/www.skparbat.eu\/wordpress\"],\"url\":\"https:\/\/www.skparbat.eu\/wordpress\/index.php\/author\/skparbat\/\"}]}<\/script>\n<!-- \/ Yoast SEO plugin. -->","yoast_head_json":{"title":"Brig\u00e1da 15. a 16. 9. 2018 - Kosodrevina v N\u00edzkych Tatr\u00e1ch rastie, kto chodn\u00edky spasie? - \u0160K Parbat","robots":{"index":"index","follow":"follow","max-snippet":"max-snippet:-1","max-image-preview":"max-image-preview:large","max-video-preview":"max-video-preview:-1"},"canonical":"https:\/\/www.skparbat.eu\/wordpress\/index.php\/2023\/02\/25\/brigada-15-a-16-9-2018-kosodrevina-v-nizkych-tatrach-rastie-kto-chodniky-spasie\/","og_locale":"sk_SK","og_type":"article","og_title":"Brig\u00e1da 15. a 16. 9. 2018 - Kosodrevina v N\u00edzkych Tatr\u00e1ch rastie, kto chodn\u00edky spasie? - \u0160K Parbat","og_description":"Veru, nezostalo ve\u013ea miest na hrebe\u0148ovom chodn\u00edku medzi Telg\u00e1rtom a Donovalmi, ktor\u00e9 by neskr\u00e1\u0161lila ruka na\u0161ich dobrovo\u013en\u00edkov alebo aspo\u0148 nepochodila noha prieskumn\u00edkov. Prichod\u00ed n\u00e1m preto vr\u00e1ti\u0165 sa sp\u00e4\u0165 na za\u010diatok na\u0161ej cesty, na majest\u00e1tnu Kr\u00e1\u013eovu ho\u013eu. O zelenom strome na nej nem\u00f4\u017ee by\u0165 re\u010d u\u017e dlh\u0161iu dobu, ur\u010dite ale treba hovori\u0165 o piatich pr\u00edstupov\u00fdch chodn\u00edkoch [&hellip;]","og_url":"https:\/\/www.skparbat.eu\/wordpress\/index.php\/2023\/02\/25\/brigada-15-a-16-9-2018-kosodrevina-v-nizkych-tatrach-rastie-kto-chodniky-spasie\/","og_site_name":"\u0160K Parbat","article_published_time":"2023-02-25T16:51:30+00:00","article_modified_time":"2025-07-01T15:18:00+00:00","og_image":[{"url":"https:\/\/www.skparbat.eu\/wordpress\/wp-content\/uploads\/2023\/10\/IMG_3424_S-fill-219x217-1.jpg"}],"author":"skparbat","twitter_card":"summary_large_image","twitter_misc":{"Autor":"skparbat","Predpokladan\u00fd \u010das \u010d\u00edtania":"3 min\u00faty"},"schema":{"@context":"https:\/\/schema.org","@graph":[{"@type":"WebPage","@id":"https:\/\/www.skparbat.eu\/wordpress\/index.php\/2023\/02\/25\/brigada-15-a-16-9-2018-kosodrevina-v-nizkych-tatrach-rastie-kto-chodniky-spasie\/","url":"https:\/\/www.skparbat.eu\/wordpress\/index.php\/2023\/02\/25\/brigada-15-a-16-9-2018-kosodrevina-v-nizkych-tatrach-rastie-kto-chodniky-spasie\/","name":"Brig\u00e1da 15. a 16. 9. 2018 - Kosodrevina v N\u00edzkych Tatr\u00e1ch rastie, kto chodn\u00edky spasie? - \u0160K Parbat","isPartOf":{"@id":"https:\/\/www.skparbat.eu\/wordpress\/#website"},"datePublished":"2023-02-25T16:51:30+00:00","dateModified":"2025-07-01T15:18:00+00:00","author":{"@id":"https:\/\/www.skparbat.eu\/wordpress\/#\/schema\/person\/56417c1a854e9c5c76de0f504ab497ba"},"breadcrumb":{"@id":"https:\/\/www.skparbat.eu\/wordpress\/index.php\/2023\/02\/25\/brigada-15-a-16-9-2018-kosodrevina-v-nizkych-tatrach-rastie-kto-chodniky-spasie\/#breadcrumb"},"inLanguage":"sk-SK","potentialAction":[{"@type":"ReadAction","target":["https:\/\/www.skparbat.eu\/wordpress\/index.php\/2023\/02\/25\/brigada-15-a-16-9-2018-kosodrevina-v-nizkych-tatrach-rastie-kto-chodniky-spasie\/"]}]},{"@type":"BreadcrumbList","@id":"https:\/\/www.skparbat.eu\/wordpress\/index.php\/2023\/02\/25\/brigada-15-a-16-9-2018-kosodrevina-v-nizkych-tatrach-rastie-kto-chodniky-spasie\/#breadcrumb","itemListElement":[{"@type":"ListItem","position":1,"name":"Home","item":"https:\/\/www.skparbat.eu\/wordpress\/"},{"@type":"ListItem","position":2,"name":"Brig\u00e1da 15. a 16. 9. 2018 &#8211; Kosodrevina v N\u00edzkych Tatr\u00e1ch rastie, kto chodn\u00edky spasie?"}]},{"@type":"WebSite","@id":"https:\/\/www.skparbat.eu\/wordpress\/#website","url":"https:\/\/www.skparbat.eu\/wordpress\/","name":"\u0160K Parbat","description":"Pre pohodu v pr\u00edrode","potentialAction":[{"@type":"SearchAction","target":{"@type":"EntryPoint","urlTemplate":"https:\/\/www.skparbat.eu\/wordpress\/?s={search_term_string}"},"query-input":"required name=search_term_string"}],"inLanguage":"sk-SK"},{"@type":"Person","@id":"https:\/\/www.skparbat.eu\/wordpress\/#\/schema\/person\/56417c1a854e9c5c76de0f504ab497ba","name":"skparbat","image":{"@type":"ImageObject","inLanguage":"sk-SK","@id":"https:\/\/www.skparbat.eu\/wordpress\/#\/schema\/person\/image\/","url":"https:\/\/secure.gravatar.com\/avatar\/22cf8fc9a5531e940f4fd31965d26c8e?s=96&d=mm&r=g","contentUrl":"https:\/\/secure.gravatar.com\/avatar\/22cf8fc9a5531e940f4fd31965d26c8e?s=96&d=mm&r=g","caption":"skparbat"},"sameAs":["https:\/\/www.skparbat.eu\/wordpress"],"url":"https:\/\/www.skparbat.eu\/wordpress\/index.php\/author\/skparbat\/"}]}},"_links":{"self":[{"href":"https:\/\/www.skparbat.eu\/wordpress\/index.php\/wp-json\/wp\/v2\/posts\/199"}],"collection":[{"href":"https:\/\/www.skparbat.eu\/wordpress\/index.php\/wp-json\/wp\/v2\/posts"}],"about":[{"href":"https:\/\/www.skparbat.eu\/wordpress\/index.php\/wp-json\/wp\/v2\/types\/post"}],"author":[{"embeddable":true,"href":"https:\/\/www.skparbat.eu\/wordpress\/index.php\/wp-json\/wp\/v2\/users\/1"}],"replies":[{"embeddable":true,"href":"https:\/\/www.skparbat.eu\/wordpress\/index.php\/wp-json\/wp\/v2\/comments?post=199"}],"version-history":[{"count":2,"href":"https:\/\/www.skparbat.eu\/wordpress\/index.php\/wp-json\/wp\/v2\/posts\/199\/revisions"}],"predecessor-version":[{"id":581,"href":"https:\/\/www.skparbat.eu\/wordpress\/index.php\/wp-json\/wp\/v2\/posts\/199\/revisions\/581"}],"wp:attachment":[{"href":"https:\/\/www.skparbat.eu\/wordpress\/index.php\/wp-json\/wp\/v2\/media?parent=199"}],"wp:term":[{"taxonomy":"category","embeddable":true,"href":"https:\/\/www.skparbat.eu\/wordpress\/index.php\/wp-json\/wp\/v2\/categories?post=199"},{"taxonomy":"post_tag","embeddable":true,"href":"https:\/\/www.skparbat.eu\/wordpress\/index.php\/wp-json\/wp\/v2\/tags?post=199"}],"curies":[{"name":"wp","href":"https:\/\/api.w.org\/{rel}","templated":true}]}}