{"id":505,"date":"2022-12-10T11:05:21","date_gmt":"2022-12-10T10:05:21","guid":{"rendered":"https:\/\/www.skparbat.eu\/wordpress\/?p=505"},"modified":"2025-07-01T17:18:54","modified_gmt":"2025-07-01T15:18:54","slug":"brigada-v-nizkych-tatrach-opat-uspesna-2015","status":"publish","type":"post","link":"https:\/\/www.skparbat.eu\/wordpress\/index.php\/2022\/12\/10\/brigada-v-nizkych-tatrach-opat-uspesna-2015\/","title":{"rendered":"Brig\u00e1da v N\u00edzkych Tatr\u00e1ch op\u00e4\u0165 \u00faspe\u0161n\u00e1 2015"},"content":{"rendered":"\n<p>Zobrali vlastn\u00e9 p\u00edly a n\u00e1radie, nechali doma rodiny a kamar\u00e1tov, svoj \u010das a energiu venovali do fyzicky n\u00e1ro\u010dn\u00e9ho vyp\u00ed\u013eovania kosodreviny, aby sme si my \u2013 be\u017en\u00ed turisti \u2013 mohli bezpe\u010dne a pohodlne u\u017e\u00edva\u0165 hory. Je pre n\u00e1s ve\u013ekou c\u0165ou ma\u0165 tak\u00fdchto kamar\u00e1tov.<\/p>\n\n\n\n<p>H\u0155stka dobrovo\u013en\u00edkov v sobotu 12. 9. 2015 v N\u00edzkych Tatr\u00e1ch prep\u00edlila cesti\u010dku zo sedla Pr\u00edslop na Dere\u0161e a v nede\u013eu 13. 9. 2015 zo zrubu Tajch na Ve\u013ek\u00fa Chochu\u013eu. Zo zajatia hustej kosodreviny oslobodili turistick\u00e9 chodn\u00edky \u017eltej a modrej zna\u010dky. T\u00edto \u013eudia a ich \u010diny v n\u00e1s zanechali horu pozit\u00edvnej energie, z ktorej m\u00f4\u017eeme \u010derpa\u0165 minim\u00e1lne nasleduj\u00faci rok a zostane ne\u00farekom aj na rozd\u00e1vanie.<\/p>\n\n\n\n<p>Za tohtoro\u010dn\u00fd \u0161tedr\u00e1k \u2013 ako by sme mohli obrazne nazva\u0165 vydaren\u00fd v\u00edkend 12. &#8211; 13. 9. 2015 \u2013 patr\u00ed v\u010faka najkvalitnej\u0161\u00edm ingredienci\u00e1m. Konkr\u00e9tne:<\/p>\n\n\n\n<p>1. Na\u0161i&nbsp;<strong>skaln\u00ed osek\u00e1va\u010di<\/strong>. Veru, u\u017e tret\u00ed rok za sebou sa n\u00e1m jesenn\u00fdmi brig\u00e1dami s dobrovo\u013en\u00edkmi dar\u00ed prep\u00edli\u0165 r\u00f4zne chodn\u00edky N\u00edzkych Tatier. Spolu odkr\u00fdvame n\u00e1dhern\u00e9 v\u00fdh\u013eady, \u010do boli roky prekryt\u00e9 kosodrevinou. V\u010faka v\u00e1m.<\/p>\n\n\n\n<p>2. Ka\u017edoro\u010dn\u00ed&nbsp;<strong>nov\u00ed brig\u00e1dnici<\/strong>. Je potrebn\u00e1 ve\u013ek\u00e1 d\u00e1vka odvahy prihl\u00e1si\u0165 sa k n\u00e1m na z\u00e1klade chv\u00e1lospevu kamar\u00e1tov, \u010do to zak\u00fasili, alebo sa len necha\u0165 nabudi\u0165 z pozv\u00e1nky. A potom na hor\u00e1ch tvrdo maka\u0165, ke\u010f n\u00e1hodou vyjde celodenn\u00e9 po\u010dasie tak\u00e9, \u017ee pr\u0161\u00ed, ak nepr\u0161\u00ed, tak mrhol\u00ed, a ak nemrhol\u00ed, tak sa vlhk\u00e1 hmla vtiera pod v\u0161etky membr\u00e1ny&#8230; Ej, tak\u00e1to sk\u00fasenos\u0165 posiln\u00ed ka\u017ed\u00fa povahu. Aj za to v\u00e1m v\u0161etk\u00fdm \u010fakujeme a te\u0161\u00edme sa, \u017ee prich\u00e1dzate i spoza rieky Moravy.<\/p>\n\n\n\n<p>3. Roz\u0161iruj\u00faca sa&nbsp;<strong>sie\u0165 pomocn\u00edkov<\/strong>, ktor\u00ed sa k n\u00e1m prid\u00e1vate v\u010faka komunik\u00e1cii kamar\u00e1tov z N\u00e1rodn\u00e9ho park N\u00edzke Tatry \u010di z Horskej slu\u017eby N\u00edzke Tatry &#8211; juh. Uvedomujeme si tie\u017e d\u00f4le\u017eitos\u0165 va\u0161ej podpory v z\u00e1zem\u00ed pri schva\u013eovan\u00ed \u00faradn\u00fdch povolen\u00ed na obnovovacie aktivity. Ver\u00edme, \u017ee vz\u00e1jomn\u00e1 d\u00f4vera je na prospech v\u0161etk\u00fdch z\u00fa\u010dastnen\u00fdch. Ve\u010f pr\u00e1ve v\u010faka otvorenej komunik\u00e1cii a plnen\u00ed doh\u00f4d pri spolupr\u00e1ci sa n\u00e1m daria mal\u00e9 z\u00e1zraky.<\/p>\n\n\n\n<p>4.&nbsp;<strong>Par\u0165\u00e1ci z viacer\u00fdch od\u0161tepn\u00fdch z\u00e1vodov<\/strong>&nbsp;podniku Lesy Slovenskej republiky. V\u00e1\u017eime si, \u017ee ste po\u010das troch rokov akceptovali na\u0161e \u017eiadosti o s\u00fahlas s orez\u00e1van\u00edm kosodreviny na chodn\u00edkoch vo vami spravovan\u00fdch \u00fazemiach. A to\u013ekokr\u00e1t ste n\u00e1m odmenili unaven\u00e9 nohy, resp. u\u0161etrili n\u00e1\u0161 \u010das a energiu. Namiesto dlh\u00e9ho chodenia k v\u00fdchodiskov\u00e9mu bodu pr\u00e1ce a vl\u00e1\u010denia p\u00edl, materi\u00e1lu a po\u017eivne ste n\u00e1s trpezlivo rozv\u00e1\u017eali a zv\u00e1\u017eali. Aj ke\u010f sme sa v ter\u00e9nnom aute poriadne vynatriasali ako v \u0161ejkri, kr\u00e1tke nepohodlie aj tak prev\u00fd\u0161ila dobr\u00e1 n\u00e1lada a vzru\u0161enie z tohto (vlastne aj na\u0161\u0165astie) nie ka\u017edodenn\u00e9ho cestovania pre v\u00e4\u010d\u0161inu z n\u00e1s.<\/p>\n\n\n\n<p>5.&nbsp;<strong>Podporuj\u00faci \u010dlenovia&nbsp;<\/strong>Klubu slovensk\u00fdch turistov. \u010eakujeme a te\u0161\u00edme sa na rozv\u00edjanie \u010fal\u0161ej spolupr\u00e1ce.<\/p>\n\n\n\n<p>6. Pre n\u00e1s tradi\u010dn\u00e9&nbsp;<strong>ubytovacie zariadenie<\/strong>&nbsp;&#8211; telocvi\u010d\u0148a. Tentokr\u00e1t n\u00e1s prich\u00fdlili dobrosrde\u010dn\u00ed zamestnanci v telocvi\u010dni Z\u00e1kladnej \u0161koly v Podbrezovej. Medzi jej \u0161tyrmi stenami s vysok\u00fdm stropom sme si rozlo\u017eili z\u00e1kladn\u00fd t\u00e1bor, rozdelili n\u00e1radie, ponatierali chleb\u00edky, odd\u00fdchli si a dopriali si tepl\u00fa sprchu po pr\u00e1ci. Ve\u013emi dobre n\u00e1m to padlo.<\/p>\n\n\n\n<p>7. A na to v\u0161etko sa v ten v\u00edkend s rados\u0165ou i zvedavos\u0165ou prizeralo&nbsp;<strong>slnie\u010dko<\/strong>, ktor\u00e9 od r\u00e1na svoj\u00edm teplom vy\u0165ahovalo z hmly n\u00e1dhern\u00e9 horizonty na\u0161ich h\u00f4r a len kde-tu sa schovalo za oblak. S preh\u013eadom rozpt\u00fdlilo obavy z predpovede chladn\u00e9ho, poloobla\u010dn\u00e9ho \u010di trochu da\u017ediv\u00e9ho po\u010dasia na polovicu v\u00edkendu.<\/p>\n\n\n\n<p>Uvedomuj\u00fac si, \u017ee sa n\u00e1m nepodarilo spomen\u00fa\u0165 ka\u017ed\u00e9ho a v\u0161etky okolnosti, \u010do n\u00e1m boli n\u00e1pomocn\u00e9, s o to v\u00e4\u010d\u0161ou \u00factou \u010fakujeme. Za to, \u017ee n\u00e1m \u010fal\u0161\u00ed \u00fa\u017easn\u00fd v\u00edkend bol dopriaty vo svete nekone\u010dn\u00fdch mo\u017enost\u00ed i prek\u00e1\u017eok.<\/p>\n\n\n\n<p>Mnoh\u00ed z n\u00e1s sme be\u017en\u00ed turisti, \u013eudia pracuj\u00faci v najr\u00f4znej\u0161\u00edch oblastiach &#8211; \u00e1no, aj tak\u00ed, \u010do sa n\u00e1m zo sedenia za po\u010d\u00edta\u010dmi robia mozole na zadku. Sp\u00e1ja n\u00e1s v\u0161ak l\u00e1ska k pr\u00edrode a ochota dobrovo\u013ene urobi\u0165 nie\u010do navy\u0161e pre prospech viacer\u00fdch.<\/p>\n\n\n\n<p><strong>D\u00e1my a p\u00e1ni, v\u010faka za to, \u017ee ste:<\/strong><br>Jana Adamov\u00e1,<br>Peter Basala,<br>Milan Danove,<br>Milan Fa\u0161ko,<br>Stanislav Guban\u010dok,<br>Jozef Hiadlovsk\u00fd,<br>J\u00e1n Ho\u0161ala,<br>Peter Katreniak,<br>J\u00e1n Kov\u00e1r,<br>Martin Kruppa,<br>Jozef Machni\u010d,<br>Rastislav Medve\u010f,<br>Bohu\u0161 Mi\u0161ovi\u010d,<br>Marek N\u00fadzik,<br>J\u00e1n Rejko,<br>Vladim\u00edr Sikula,<br>Luk\u00e1\u0161 Van\u00ed\u010dek,<br>Andrej Vrbick\u00fd.<\/p>\n\n\n\n<p><\/p>\n","protected":false},"excerpt":{"rendered":"<p>Zobrali vlastn\u00e9 p\u00edly a n\u00e1radie, nechali doma rodiny a kamar\u00e1tov, svoj \u010das a energiu venovali do fyzicky n\u00e1ro\u010dn\u00e9ho vyp\u00ed\u013eovania kosodreviny, aby sme si my \u2013 be\u017en\u00ed turisti \u2013 mohli bezpe\u010dne a pohodlne u\u017e\u00edva\u0165 hory. Je pre n\u00e1s ve\u013ekou c\u0165ou ma\u0165 tak\u00fdchto kamar\u00e1tov. H\u0155stka dobrovo\u013en\u00edkov v sobotu 12. 9. 2015 v N\u00edzkych Tatr\u00e1ch prep\u00edlila cesti\u010dku zo [&hellip;]<\/p>\n","protected":false},"author":1,"featured_media":0,"comment_status":"closed","ping_status":"closed","sticky":false,"template":"","format":"standard","meta":{"_mi_skip_tracking":false,"footnotes":""},"categories":[1],"tags":[],"yoast_head":"<!-- This site is optimized with the Yoast SEO plugin v19.7.1 - https:\/\/yoast.com\/wordpress\/plugins\/seo\/ -->\n<title>Brig\u00e1da v N\u00edzkych Tatr\u00e1ch op\u00e4\u0165 \u00faspe\u0161n\u00e1 2015 - \u0160K Parbat<\/title>\n<meta name=\"robots\" content=\"index, follow, max-snippet:-1, max-image-preview:large, max-video-preview:-1\" \/>\n<link rel=\"canonical\" href=\"https:\/\/www.skparbat.eu\/wordpress\/index.php\/2022\/12\/10\/brigada-v-nizkych-tatrach-opat-uspesna-2015\/\" \/>\n<meta property=\"og:locale\" content=\"sk_SK\" \/>\n<meta property=\"og:type\" content=\"article\" \/>\n<meta property=\"og:title\" content=\"Brig\u00e1da v N\u00edzkych Tatr\u00e1ch op\u00e4\u0165 \u00faspe\u0161n\u00e1 2015 - \u0160K Parbat\" \/>\n<meta property=\"og:description\" content=\"Zobrali vlastn\u00e9 p\u00edly a n\u00e1radie, nechali doma rodiny a kamar\u00e1tov, svoj \u010das a energiu venovali do fyzicky n\u00e1ro\u010dn\u00e9ho vyp\u00ed\u013eovania kosodreviny, aby sme si my \u2013 be\u017en\u00ed turisti \u2013 mohli bezpe\u010dne a pohodlne u\u017e\u00edva\u0165 hory. Je pre n\u00e1s ve\u013ekou c\u0165ou ma\u0165 tak\u00fdchto kamar\u00e1tov. H\u0155stka dobrovo\u013en\u00edkov v sobotu 12. 9. 2015 v N\u00edzkych Tatr\u00e1ch prep\u00edlila cesti\u010dku zo [&hellip;]\" \/>\n<meta property=\"og:url\" content=\"https:\/\/www.skparbat.eu\/wordpress\/index.php\/2022\/12\/10\/brigada-v-nizkych-tatrach-opat-uspesna-2015\/\" \/>\n<meta property=\"og:site_name\" content=\"\u0160K Parbat\" \/>\n<meta property=\"article:published_time\" content=\"2022-12-10T10:05:21+00:00\" \/>\n<meta property=\"article:modified_time\" content=\"2025-07-01T15:18:54+00:00\" \/>\n<meta name=\"author\" content=\"skparbat\" \/>\n<meta name=\"twitter:card\" content=\"summary_large_image\" \/>\n<meta name=\"twitter:label1\" content=\"Autor\" \/>\n\t<meta name=\"twitter:data1\" content=\"skparbat\" \/>\n\t<meta name=\"twitter:label2\" content=\"Predpokladan\u00fd \u010das \u010d\u00edtania\" \/>\n\t<meta name=\"twitter:data2\" content=\"4 min\u00faty\" \/>\n<script type=\"application\/ld+json\" class=\"yoast-schema-graph\">{\"@context\":\"https:\/\/schema.org\",\"@graph\":[{\"@type\":\"WebPage\",\"@id\":\"https:\/\/www.skparbat.eu\/wordpress\/index.php\/2022\/12\/10\/brigada-v-nizkych-tatrach-opat-uspesna-2015\/\",\"url\":\"https:\/\/www.skparbat.eu\/wordpress\/index.php\/2022\/12\/10\/brigada-v-nizkych-tatrach-opat-uspesna-2015\/\",\"name\":\"Brig\u00e1da v N\u00edzkych Tatr\u00e1ch op\u00e4\u0165 \u00faspe\u0161n\u00e1 2015 - \u0160K Parbat\",\"isPartOf\":{\"@id\":\"https:\/\/www.skparbat.eu\/wordpress\/#website\"},\"datePublished\":\"2022-12-10T10:05:21+00:00\",\"dateModified\":\"2025-07-01T15:18:54+00:00\",\"author\":{\"@id\":\"https:\/\/www.skparbat.eu\/wordpress\/#\/schema\/person\/56417c1a854e9c5c76de0f504ab497ba\"},\"breadcrumb\":{\"@id\":\"https:\/\/www.skparbat.eu\/wordpress\/index.php\/2022\/12\/10\/brigada-v-nizkych-tatrach-opat-uspesna-2015\/#breadcrumb\"},\"inLanguage\":\"sk-SK\",\"potentialAction\":[{\"@type\":\"ReadAction\",\"target\":[\"https:\/\/www.skparbat.eu\/wordpress\/index.php\/2022\/12\/10\/brigada-v-nizkych-tatrach-opat-uspesna-2015\/\"]}]},{\"@type\":\"BreadcrumbList\",\"@id\":\"https:\/\/www.skparbat.eu\/wordpress\/index.php\/2022\/12\/10\/brigada-v-nizkych-tatrach-opat-uspesna-2015\/#breadcrumb\",\"itemListElement\":[{\"@type\":\"ListItem\",\"position\":1,\"name\":\"Home\",\"item\":\"https:\/\/www.skparbat.eu\/wordpress\/\"},{\"@type\":\"ListItem\",\"position\":2,\"name\":\"Brig\u00e1da v N\u00edzkych Tatr\u00e1ch op\u00e4\u0165 \u00faspe\u0161n\u00e1 2015\"}]},{\"@type\":\"WebSite\",\"@id\":\"https:\/\/www.skparbat.eu\/wordpress\/#website\",\"url\":\"https:\/\/www.skparbat.eu\/wordpress\/\",\"name\":\"\u0160K Parbat\",\"description\":\"Pre pohodu v pr\u00edrode\",\"potentialAction\":[{\"@type\":\"SearchAction\",\"target\":{\"@type\":\"EntryPoint\",\"urlTemplate\":\"https:\/\/www.skparbat.eu\/wordpress\/?s={search_term_string}\"},\"query-input\":\"required name=search_term_string\"}],\"inLanguage\":\"sk-SK\"},{\"@type\":\"Person\",\"@id\":\"https:\/\/www.skparbat.eu\/wordpress\/#\/schema\/person\/56417c1a854e9c5c76de0f504ab497ba\",\"name\":\"skparbat\",\"image\":{\"@type\":\"ImageObject\",\"inLanguage\":\"sk-SK\",\"@id\":\"https:\/\/www.skparbat.eu\/wordpress\/#\/schema\/person\/image\/\",\"url\":\"https:\/\/secure.gravatar.com\/avatar\/22cf8fc9a5531e940f4fd31965d26c8e?s=96&d=mm&r=g\",\"contentUrl\":\"https:\/\/secure.gravatar.com\/avatar\/22cf8fc9a5531e940f4fd31965d26c8e?s=96&d=mm&r=g\",\"caption\":\"skparbat\"},\"sameAs\":[\"https:\/\/www.skparbat.eu\/wordpress\"],\"url\":\"https:\/\/www.skparbat.eu\/wordpress\/index.php\/author\/skparbat\/\"}]}<\/script>\n<!-- \/ Yoast SEO plugin. -->","yoast_head_json":{"title":"Brig\u00e1da v N\u00edzkych Tatr\u00e1ch op\u00e4\u0165 \u00faspe\u0161n\u00e1 2015 - \u0160K Parbat","robots":{"index":"index","follow":"follow","max-snippet":"max-snippet:-1","max-image-preview":"max-image-preview:large","max-video-preview":"max-video-preview:-1"},"canonical":"https:\/\/www.skparbat.eu\/wordpress\/index.php\/2022\/12\/10\/brigada-v-nizkych-tatrach-opat-uspesna-2015\/","og_locale":"sk_SK","og_type":"article","og_title":"Brig\u00e1da v N\u00edzkych Tatr\u00e1ch op\u00e4\u0165 \u00faspe\u0161n\u00e1 2015 - \u0160K Parbat","og_description":"Zobrali vlastn\u00e9 p\u00edly a n\u00e1radie, nechali doma rodiny a kamar\u00e1tov, svoj \u010das a energiu venovali do fyzicky n\u00e1ro\u010dn\u00e9ho vyp\u00ed\u013eovania kosodreviny, aby sme si my \u2013 be\u017en\u00ed turisti \u2013 mohli bezpe\u010dne a pohodlne u\u017e\u00edva\u0165 hory. Je pre n\u00e1s ve\u013ekou c\u0165ou ma\u0165 tak\u00fdchto kamar\u00e1tov. H\u0155stka dobrovo\u013en\u00edkov v sobotu 12. 9. 2015 v N\u00edzkych Tatr\u00e1ch prep\u00edlila cesti\u010dku zo [&hellip;]","og_url":"https:\/\/www.skparbat.eu\/wordpress\/index.php\/2022\/12\/10\/brigada-v-nizkych-tatrach-opat-uspesna-2015\/","og_site_name":"\u0160K Parbat","article_published_time":"2022-12-10T10:05:21+00:00","article_modified_time":"2025-07-01T15:18:54+00:00","author":"skparbat","twitter_card":"summary_large_image","twitter_misc":{"Autor":"skparbat","Predpokladan\u00fd \u010das \u010d\u00edtania":"4 min\u00faty"},"schema":{"@context":"https:\/\/schema.org","@graph":[{"@type":"WebPage","@id":"https:\/\/www.skparbat.eu\/wordpress\/index.php\/2022\/12\/10\/brigada-v-nizkych-tatrach-opat-uspesna-2015\/","url":"https:\/\/www.skparbat.eu\/wordpress\/index.php\/2022\/12\/10\/brigada-v-nizkych-tatrach-opat-uspesna-2015\/","name":"Brig\u00e1da v N\u00edzkych Tatr\u00e1ch op\u00e4\u0165 \u00faspe\u0161n\u00e1 2015 - \u0160K Parbat","isPartOf":{"@id":"https:\/\/www.skparbat.eu\/wordpress\/#website"},"datePublished":"2022-12-10T10:05:21+00:00","dateModified":"2025-07-01T15:18:54+00:00","author":{"@id":"https:\/\/www.skparbat.eu\/wordpress\/#\/schema\/person\/56417c1a854e9c5c76de0f504ab497ba"},"breadcrumb":{"@id":"https:\/\/www.skparbat.eu\/wordpress\/index.php\/2022\/12\/10\/brigada-v-nizkych-tatrach-opat-uspesna-2015\/#breadcrumb"},"inLanguage":"sk-SK","potentialAction":[{"@type":"ReadAction","target":["https:\/\/www.skparbat.eu\/wordpress\/index.php\/2022\/12\/10\/brigada-v-nizkych-tatrach-opat-uspesna-2015\/"]}]},{"@type":"BreadcrumbList","@id":"https:\/\/www.skparbat.eu\/wordpress\/index.php\/2022\/12\/10\/brigada-v-nizkych-tatrach-opat-uspesna-2015\/#breadcrumb","itemListElement":[{"@type":"ListItem","position":1,"name":"Home","item":"https:\/\/www.skparbat.eu\/wordpress\/"},{"@type":"ListItem","position":2,"name":"Brig\u00e1da v N\u00edzkych Tatr\u00e1ch op\u00e4\u0165 \u00faspe\u0161n\u00e1 2015"}]},{"@type":"WebSite","@id":"https:\/\/www.skparbat.eu\/wordpress\/#website","url":"https:\/\/www.skparbat.eu\/wordpress\/","name":"\u0160K Parbat","description":"Pre pohodu v pr\u00edrode","potentialAction":[{"@type":"SearchAction","target":{"@type":"EntryPoint","urlTemplate":"https:\/\/www.skparbat.eu\/wordpress\/?s={search_term_string}"},"query-input":"required name=search_term_string"}],"inLanguage":"sk-SK"},{"@type":"Person","@id":"https:\/\/www.skparbat.eu\/wordpress\/#\/schema\/person\/56417c1a854e9c5c76de0f504ab497ba","name":"skparbat","image":{"@type":"ImageObject","inLanguage":"sk-SK","@id":"https:\/\/www.skparbat.eu\/wordpress\/#\/schema\/person\/image\/","url":"https:\/\/secure.gravatar.com\/avatar\/22cf8fc9a5531e940f4fd31965d26c8e?s=96&d=mm&r=g","contentUrl":"https:\/\/secure.gravatar.com\/avatar\/22cf8fc9a5531e940f4fd31965d26c8e?s=96&d=mm&r=g","caption":"skparbat"},"sameAs":["https:\/\/www.skparbat.eu\/wordpress"],"url":"https:\/\/www.skparbat.eu\/wordpress\/index.php\/author\/skparbat\/"}]}},"_links":{"self":[{"href":"https:\/\/www.skparbat.eu\/wordpress\/index.php\/wp-json\/wp\/v2\/posts\/505"}],"collection":[{"href":"https:\/\/www.skparbat.eu\/wordpress\/index.php\/wp-json\/wp\/v2\/posts"}],"about":[{"href":"https:\/\/www.skparbat.eu\/wordpress\/index.php\/wp-json\/wp\/v2\/types\/post"}],"author":[{"embeddable":true,"href":"https:\/\/www.skparbat.eu\/wordpress\/index.php\/wp-json\/wp\/v2\/users\/1"}],"replies":[{"embeddable":true,"href":"https:\/\/www.skparbat.eu\/wordpress\/index.php\/wp-json\/wp\/v2\/comments?post=505"}],"version-history":[{"count":1,"href":"https:\/\/www.skparbat.eu\/wordpress\/index.php\/wp-json\/wp\/v2\/posts\/505\/revisions"}],"predecessor-version":[{"id":506,"href":"https:\/\/www.skparbat.eu\/wordpress\/index.php\/wp-json\/wp\/v2\/posts\/505\/revisions\/506"}],"wp:attachment":[{"href":"https:\/\/www.skparbat.eu\/wordpress\/index.php\/wp-json\/wp\/v2\/media?parent=505"}],"wp:term":[{"taxonomy":"category","embeddable":true,"href":"https:\/\/www.skparbat.eu\/wordpress\/index.php\/wp-json\/wp\/v2\/categories?post=505"},{"taxonomy":"post_tag","embeddable":true,"href":"https:\/\/www.skparbat.eu\/wordpress\/index.php\/wp-json\/wp\/v2\/tags?post=505"}],"curies":[{"name":"wp","href":"https:\/\/api.w.org\/{rel}","templated":true}]}}